[{"@context":"https:\/\/schema.org\/","@type":"Article","@id":"https:\/\/www.frajerka.sk\/osvetlenie-ako-sa-patri\/#Article","mainEntityOfPage":"https:\/\/www.frajerka.sk\/osvetlenie-ako-sa-patri\/","headline":"Osvetlenie ako sa patr\u00ed","name":"Osvetlenie ako sa patr\u00ed","description":"A ke\u010f m\u00e1me ma\u0165 v byte osvetlenie ako sa patr\u00ed, tak by sme u\u017e vopred projektanta mali informova\u0165, \u010do kde&hellip;","datePublished":"2018-08-18","dateModified":"2023-04-27","author":{"@type":"Person","@id":"https:\/\/www.frajerka.sk\/author\/devene\/#Person","name":"devene","url":"https:\/\/www.frajerka.sk\/author\/devene\/","identifier":1,"image":{"@type":"ImageObject","@id":"https:\/\/secure.gravatar.com\/avatar\/a414941ff2b86a79f1a70a433f21d60df00047fefe742a46b6fded139881a475?s=96&d=mm&r=g","url":"https:\/\/secure.gravatar.com\/avatar\/a414941ff2b86a79f1a70a433f21d60df00047fefe742a46b6fded139881a475?s=96&d=mm&r=g","height":96,"width":96}},"publisher":{"@type":"Organization","name":"frajerka.sk","logo":{"@type":"ImageObject","@id":"\/logo.png","url":"\/logo.png","width":600,"height":60}},"image":{"@type":"ImageObject","@id":"https:\/\/www.frajerka.sk\/wp-content\/uploads\/img_a290654_w16484_t1535655514.png","url":"https:\/\/www.frajerka.sk\/wp-content\/uploads\/img_a290654_w16484_t1535655514.png","height":0,"width":0},"url":"https:\/\/www.frajerka.sk\/osvetlenie-ako-sa-patri\/","wordCount":373,"articleBody":"A ke\u010f m\u00e1me ma\u0165 v byte osvetlenie ako sa patr\u00ed, tak by sme u\u017e vopred projektanta mali informova\u0165, \u010do kde pl\u00e1nuje urobi\u0165, ktor\u00e1 \u010das\u0165 bytu je pre ak\u00fd \u00fa\u010del vyu\u017e\u00edvan\u00e1, v ktorej izbe budeme chcie\u0165 in\u00e9 ako stropn\u00e9 svietidl\u00e1. Zvl\u00e1\u0161\u0165 vtedy, ak pl\u00e1nujeme svietidl\u00e1 umiestnen\u00e9 v podlahe. Asi \u0165a\u017eko by sa veru robili dodato\u010dne. Ale len m\u00e1lokto je nato\u013eko d\u00f4sledn\u00fd, \u017ee rozm\u00fd\u0161\u013ea aj nad umiestnen\u00edm svetiel, z\u00e1suviek, vyp\u00edna\u010dov. Byt predsa m\u00e1 sl\u00fa\u017ei\u0165 n\u00e1m! Toto mus\u00edme ma\u0165 na zreteli, aby sme sa v svojom kr\u00e1\u013eovstve dobre c\u00edtili. O to n\u00e1m m\u00e1 \u00eds\u0165! A mus\u00edme myslie\u0165 nielen na najbli\u017e\u0161ie dni, ale aj do bud\u00facna. Projektant by V\u00e1m mal vytvori\u0165 projekt elektroin\u0161tal\u00e1cie aj s rezervou. Mus\u00ed teda vedie\u0165, \u010di bude chcie\u0165 iba klasick\u00e9 osvetlenie, alebo chcete ma\u0165 dom vysvieten\u00fd z ka\u017edej aj vonkaj\u0161ej strany, \u010di pl\u00e1nujete aj baz\u00e9n a okolo neho osvetlenie. Skr\u00e1tka ak\u00e1 rezerva je v projekte okrem \u0161tandardnej potrebn\u00e1. Ke\u010f budete ma\u0165 dobr\u00fa spolupr\u00e1cu s projektantom, potom aj majstri, ktor\u00ed n\u00e1sledne pr\u00eddu do stavby \u0165aha\u0165 elektroin\u0161tal\u00e1ciu, bud\u00fa ma\u0165 u\u013eah\u010den\u00fa pr\u00e1cu a vy pokoj od nich- nebud\u00fa toti\u017e potrebova\u0165 od V\u00e1s dopl\u0148uj\u00face inform\u00e1cie. Ve\u013emi d\u00f4le\u017eit\u00fdm pr\u00ednosom bude aj to, \u017ee po \u00faplnom dokon\u010den\u00ed a skolaudovan\u00ed stavby budete presne vedie\u0165, kde id\u00fa vodi\u010de a k\u00e1ble, kde nem\u00e1te v\u0155ta\u0165 a ni\u010d neumiest\u0148ova\u0165 na stenu.  Ak by ste to aj zabudli a o p\u00e1r rokov by ste chceli nie\u010do opravova\u0165- sta\u010d\u00ed vytiahnu\u0165 svoj projekt a ka\u017ed\u00fd elektrik\u00e1r si ho \u013eahko pre\u010d\u00edta. Nebudete musie\u0165 h\u00fata\u0165, \u010di ste nechceli pri stavbe n\u00e1hodou potiahnu\u0165 ak\u00fdsi k\u00e1bel kr\u00ed\u017eom cez miestnos\u0165. V\u0161etko budete ma\u0165 spr\u00e1vne zakreslen\u00e9 aj o nieko\u013eko desiatok rokov sa v tom v\u0161etci budete vedie\u0165 vyzna\u0165. Svietidl\u00e1 si veru vymen\u00edte pod\u013ea aktu\u00e1lneho trendu, pod\u013ea pr\u00e1ve potrebn\u00fdch po\u017eiadaviek. Ale veru s k\u00e1blami to nie je tak\u00e9 jednoduch\u00e9 a Vy predsa chcete osvetlenie ako sa patr\u00ed.                                                                                                                                                                                                                                                                                                                                                                                                 "},{"@context":"https:\/\/schema.org\/","@type":"BreadcrumbList","itemListElement":[{"@type":"ListItem","position":1,"name":"Osvetlenie ako sa patr\u00ed","item":"https:\/\/www.frajerka.sk\/osvetlenie-ako-sa-patri\/#breadcrumbitem"}]}]