[{"@context":"https:\/\/schema.org\/","@type":"Article","@id":"https:\/\/www.frajerka.sk\/panske-mikiny\/#Article","mainEntityOfPage":"https:\/\/www.frajerka.sk\/panske-mikiny\/","headline":"P\u00e1nske mikiny","name":"P\u00e1nske mikiny","description":"P\u00e1ni, ktor\u00ed d\u00e1vaj\u00fa prednos\u0165 \u0161portov\u00e9mu \u0161t\u00fdlu, si pri v\u00fdbere mik\u00edn pr\u00eddu na svoje. V mikin\u00e1ch p\u00f4sobia obzvl\u00e1\u0161\u0165 pr\u00ed\u0165a\u017elivo a navy\u0161e&hellip;","datePublished":"2022-08-23","dateModified":"2023-05-28","author":{"@type":"Person","@id":"https:\/\/www.frajerka.sk\/author\/devene\/#Person","name":"devene","url":"https:\/\/www.frajerka.sk\/author\/devene\/","identifier":1,"image":{"@type":"ImageObject","@id":"https:\/\/secure.gravatar.com\/avatar\/a414941ff2b86a79f1a70a433f21d60df00047fefe742a46b6fded139881a475?s=96&d=mm&r=g","url":"https:\/\/secure.gravatar.com\/avatar\/a414941ff2b86a79f1a70a433f21d60df00047fefe742a46b6fded139881a475?s=96&d=mm&r=g","height":96,"width":96}},"publisher":{"@type":"Organization","name":"frajerka.sk","logo":{"@type":"ImageObject","@id":"\/logo.png","url":"\/logo.png","width":600,"height":60}},"image":{"@type":"ImageObject","@id":"https:\/\/www.frajerka.sk\/wp-content\/uploads\/OIP%20(10)_1.jpg","url":"https:\/\/www.frajerka.sk\/wp-content\/uploads\/OIP%20(10)_1.jpg","height":0,"width":0},"url":"https:\/\/www.frajerka.sk\/panske-mikiny\/","wordCount":401,"articleBody":"   P\u00e1ni, ktor\u00ed d\u00e1vaj\u00fa prednos\u0165 \u0161portov\u00e9mu \u0161t\u00fdlu, si pri v\u00fdbere mik\u00edn pr\u00eddu na svoje. V mikin\u00e1ch p\u00f4sobia obzvl\u00e1\u0161\u0165 pr\u00ed\u0165a\u017elivo a navy\u0161e sa mikiny aj v\u00fdborne nosia a s\u00fa obzvl\u00e1\u0161\u0165 pohodln\u00e9 a praktick\u00e9. Dobre s kombinuj\u00fa so zvy\u0161kom oble\u010denia a ak m\u00e1te mik\u00edn nieko\u013eko m\u00f4\u017eete vytv\u00e1ra\u0165 nov\u00e9 a nov\u00e9 kombin\u00e1cie a outfity a vy\u017earova\u0165 kus svojej osobnosti do okolia, ktor\u00e1 je prejaven\u00e1 do ur\u010ditej miery  http:\/\/www.geni.sk\/stare-slovenske-a-uhorske-miery-dlzka\/ aj va\u0161im zov\u0148aj\u0161kom alebo pr\u00e1ve tou va\u0161ou konkr\u00e9tnou mikinou, ktor\u00fa m\u00e1te na sebe. Tak\u017ee nie je celkom na \u0161kodu d\u00f4sledne zv\u00e1\u017ei\u0165 v\u00fdber a oblieka\u0165 sa ladne a vkusne. V prvom rade sa vy, mil\u00ed p\u00e1ni, potrebujete c\u00edti\u0165 pr\u00edjemne a tak\u00fdmto dojmom budete v tomto pr\u00edpade aj p\u00f4sobi\u0165. V\u0161etko za\u010d\u00edna v na\u0161om vn\u00fatri, v na\u0161om rozhodnut\u00ed a presved\u010den\u00ed. V ponuke n\u00e1jdete typom mik\u00edn viac ako dos\u0165. Mikiny r\u00f4znych d\u013a\u017eok, farieb, vzorov. Mikiny na zips, bez zipsu, s vreckami alebo bez vreciek \u010di s r\u00f4znymi n\u00e1pismi. Mikina s kapuc\u0148ou p\u00e1nska je hodnotn\u00fdm k\u00faskom, ktor\u00fd je na nezaplatenie. Do fitka, na \u0161port, na prech\u00e1dzku, na rann\u00fd beh, \u010di k\u00e1vu s priate\u013ekou alebo partou kamar\u00e1tov. K vyzn\u00e1va\u010dom a doslova fan\u00fa\u0161ikom mik\u00edn patria mu\u017ei v\u0161etk\u00fdch vekov\u00fdch kateg\u00f3ri\u00ed, za\u010d\u00ednaj\u00fac od chlapcov v detskom veku, cez \u0161tudentov a mlad\u00fdch mu\u017eov, a\u017e po mu\u017eov v zrelom veku. Ak by ste predsa len v\u00e1\u0161 \u0161atn\u00edk radi doplnili o mikinu na dan\u00e9 obdobie, alebo potrebujete nie\u010do nov\u00e9 a obohacuj\u00face do va\u0161ej skrine, pokojne vsa\u010fte na istotu a vyberte si mikinu, ak\u00fa e\u0161te doma nem\u00e1te. Mikina s kapuc\u0148ou umo\u017e\u0148uje ob\u010dasn\u00e9 prekrytie hlavy v pr\u00edpade nie celkom ide\u00e1lneho po\u010dasia, alebo len tak, ak chcete p\u00f4sobi\u0165 tajomne \u010di inkognito. Mikiny sa hodia svetl\u00fdm aj tmav\u00fdm mu\u017eom. Pokojne sa pomocou vhodne vybratej mikiny m\u00f4\u017eete zv\u00fdrazni\u0165 alebo naopak, ak to pr\u00e1ve tak nec\u00edtite a chceli by ste vyzera\u0165 nen\u00e1padne, tak aj to. Jednofarebn\u00e9 tmav\u00e9 mikiny v\u00e1m to ur\u010dite umo\u017enia.                                                                                                                                                                                                                                                                                                                                                                                                  "},{"@context":"https:\/\/schema.org\/","@type":"BreadcrumbList","itemListElement":[{"@type":"ListItem","position":1,"name":"P\u00e1nske mikiny","item":"https:\/\/www.frajerka.sk\/panske-mikiny\/#breadcrumbitem"}]}]