[{"@context":"https:\/\/schema.org\/","@type":"Article","@id":"https:\/\/www.frajerka.sk\/teple-leginy-na-chladne-pocasie\/#Article","mainEntityOfPage":"https:\/\/www.frajerka.sk\/teple-leginy-na-chladne-pocasie\/","headline":"Tepl\u00e9 leg\u00edny na chladn\u00e9 po\u010dasie","name":"Tepl\u00e9 leg\u00edny na chladn\u00e9 po\u010dasie","description":"Alebo nebodaj nosi\u0165 termo-nohavice, kv\u00f4li ktor\u00fdm by ste museli \u00faplne zavrhn\u00fa\u0165 v\u00e1\u0161 \u0161t\u00fdl a nemohli si dopria\u0165 pr\u00e1ve tak\u00e9 k\u00fasky,&hellip;","datePublished":"2022-04-13","dateModified":"2023-04-28","author":{"@type":"Person","@id":"https:\/\/www.frajerka.sk\/author\/devene\/#Person","name":"devene","url":"https:\/\/www.frajerka.sk\/author\/devene\/","identifier":1,"image":{"@type":"ImageObject","@id":"https:\/\/secure.gravatar.com\/avatar\/a414941ff2b86a79f1a70a433f21d60df00047fefe742a46b6fded139881a475?s=96&d=mm&r=g","url":"https:\/\/secure.gravatar.com\/avatar\/a414941ff2b86a79f1a70a433f21d60df00047fefe742a46b6fded139881a475?s=96&d=mm&r=g","height":96,"width":96}},"publisher":{"@type":"Organization","name":"frajerka.sk","logo":{"@type":"ImageObject","@id":"\/logo.png","url":"\/logo.png","width":600,"height":60}},"image":{"@type":"ImageObject","@id":"https:\/\/www.frajerka.sk\/wp-content\/uploads\/pexels-photo-4498174.jpeg","url":"https:\/\/www.frajerka.sk\/wp-content\/uploads\/pexels-photo-4498174.jpeg","height":0,"width":0},"url":"https:\/\/www.frajerka.sk\/teple-leginy-na-chladne-pocasie\/","about":["N\u00e1kupy"],"wordCount":470,"articleBody":"   Alebo nebodaj nosi\u0165 termo-nohavice, kv\u00f4li ktor\u00fdm by ste museli \u00faplne zavrhn\u00fa\u0165 v\u00e1\u0161 \u0161t\u00fdl a nemohli si dopria\u0165 pr\u00e1ve tak\u00e9 k\u00fasky, ktor\u00e9 ste zo v\u0161etk\u00e9ho najrad\u0161ej? Ak milujete m\u00f3du a radi sa obklopujete preva\u017ene typom oble\u010denia, ktor\u00e9 je pre v\u00e1s naozaj d\u00f4le\u017eit\u00e9 a v\u010faka ktor\u00e9mu sa c\u00edtite dobre a dok\u00e1\u017eete prejavi\u0165 svoju osobnos\u0165 a rovnako tak aj v\u00e1\u0161 \u0161t\u00fdl pri akejko\u013evek udalosti, \u010di u\u017e idete na prech\u00e1dzku do h\u00f4r alebo sedie\u0165 na k\u00e1ve s va\u0161imi priate\u013ekami, ur\u010dite je d\u00f4le\u017eit\u00e9 n\u00e1js\u0165 pr\u00e1ve tak\u00e9 k\u00fasky oble\u010denia, ktor\u00e9 by v\u00e1m perfektne vyhovovali, v\u010faka ktor\u00fdm by ste mohli vy\u0165a\u017ei\u0165 z v\u00e1\u0161ho \u0161t\u00fdlu maximum pri akejko\u013evek udalosti. Ak milujete napr\u00edklad pobyty v hor\u00e1ch a v chladnej\u0161om prostred\u00ed, av\u0161ak nen\u00e1vid\u00edte tepl\u00e9 a takpovediac neforemn\u00e9 oble\u010denie, ktor\u00e9 k tomu patr\u00ed, ur\u010dite by ste mali vysk\u00fa\u0161a\u0165 napr\u00edklad na\u0161e termo leg\u00edny, v\u010faka ktor\u00fdm m\u00f4\u017eete \u00faplne prehodnoti\u0165 a preformova\u0165 cel\u00e9 va\u0161e oble\u010denie, ktor\u00e9 m\u00e1te vybrat\u00e9 na z\u00e1jazdy do h\u00f4r alebo na zimn\u00e9 chaty, \u010di pobyty s va\u0161imi bl\u00edzkymi, ktor\u00e9 tak milujete. Tento typ leg\u00edn v\u00e1m poskytne nov\u00e9 mo\u017enosti, ako kombinova\u0165 va\u0161e oble\u010denie, aby ste nemuseli nosi\u0165 ve\u013ek\u00e9 a nekomfortn\u00e9 nohavice, \u010di napr\u00edklad otep\u013eova\u010dky, kv\u00f4li ktor\u00fdm sa v\u00f4bec nec\u00edtite dobre vo svojom oble\u010den\u00ed.Na\u0161e kvalitn\u00e9, zateplen\u00e9 leg\u00edny v\u00e1m poskytn\u00fa to\u013eko pohodlia a rovnako tak aj tepla, ko\u013eko potrebujete pri z\u00e1jazde na ak\u00e9ko\u013evek zimn\u00e9 v\u00fdlety a pr\u00e1ve preto tento typ oble\u010denia stoj\u00ed za zv\u00e1\u017eenie, najm\u00e4 ak sa predov\u0161etk\u00fdm radi obklopujte kvalitn\u00fdmi k\u00faskami, v ktor\u00fdch sa c\u00edtite pohodlne a rovnako tak v ktor\u00fdch za\u017eiarite, preto\u017ee okrem pohodlia s\u00fa naozaj \u0161t\u00fdlov\u00e9 a predstavuj\u00fa presne to, \u010do m\u00e1te radi. Oble\u010denie je ove\u013ea viac, ne\u017e iba oby\u010dajn\u00fd k\u00fasok l\u00e1tky, oble\u010denie je \u017eivotn\u00fd \u0161t\u00fdl a rovnako tak aj sp\u00f4sob sebavyjadrenia a pr\u00e1ve preto, ak sa aj vy rada sama seba vyjadrujete pr\u00e1ve t\u00fdm, \u010do nos\u00edte, preto\u017ee to patr\u00ed medzi ve\u013ek\u00fa \u010das\u0165 va\u0161ej osobnosti, ur\u010dite nepreme\u0161kajte n\u00e1kup na\u0161ich kvalitn\u00fdch leg\u00edny na ak\u00e9ko\u013evek spolo\u010densk\u00e9 udalosti, v ktor\u00fdch sa budete c\u00edti\u0165 v\u017edy komfortne a sebavedomo a rovnako tak sa k n\u00edm budete m\u00f4c\u0165 vytv\u00e1ra\u0165 mnoh\u00e9 nov\u00e9 zauj\u00edmav\u00e9 kombin\u00e1cie, \u010di u\u017e s elegantn\u00fdm alebo \u0161portov\u00e9 oble\u010denie, ktor\u00e9 tak milujete.                                                                                                                                                                                                                                                                                                                                                                                                   "},{"@context":"https:\/\/schema.org\/","@type":"BreadcrumbList","itemListElement":[{"@type":"ListItem","position":1,"name":"Tepl\u00e9 leg\u00edny na chladn\u00e9 po\u010dasie","item":"https:\/\/www.frajerka.sk\/teple-leginy-na-chladne-pocasie\/#breadcrumbitem"}]}]